{"id":273,"date":"2022-08-05T13:30:37","date_gmt":"2022-08-05T11:30:37","guid":{"rendered":"https:\/\/www.aventoura.tourone.de\/blog\/?p=273"},"modified":"2025-03-25T09:39:31","modified_gmt":"2025-03-25T08:39:31","slug":"eine-etwas-andere-dienstreise","status":"publish","type":"post","link":"https:\/\/www.aventoura.de\/blog\/2022\/08\/05\/eine-etwas-andere-dienstreise\/","title":{"rendered":"Eine etwas andere Dienstreise"},"content":{"rendered":"\n<blockquote class=\"wp-block-quote is-layout-flow wp-block-quote-is-layout-flow\">\n<p>von Juan Pablo Palt\u00e1n Paredes<\/p>\n<\/blockquote>\n\n\n\n<p class=\"has-text-align-center\"><strong>Unsere Kollege Juan Pablo Palt\u00e1n Paredes war auf einer ganz besonderen Mission unterwegs \u2013 mit dem Bike ist er durch <a href=\"https:\/\/www.aventoura.de\/suedamerika\" data-type=\"link\" data-id=\"https:\/\/www.aventoura.de\/suedamerika\">S\u00fcdamerika<\/a> gereist um neue Radtouren f\u00fcr unsere neue Marke bikeTOURa zu erkunden und die Bikes zu testen.<\/strong><\/p>\n\n\n\n<p>Ich staunte nicht schlecht, als mich an einem Tag im M\u00e4rz 2019 mein Chef zu sich rief und mir vorschlug, eine Dienstreise auf dem Fahrrad durch meinen Heimatkontinent zu unternehmen. Unweigerlich bekam ich sofort weiche Knie. Doch ich war froh, dass er mir zumindest angeboten hatte, bis nach Quito zu fliegen. Meine Mission sollte es sein, neue Radrouten zu erkunden und Bikes zu testen. Die Strategie im Hintergrund sei die Erweiterung des Angebots an Radreisen f\u00fcr unsere neue Dachmarke&nbsp;<a href=\"https:\/\/www.biketoura.com\/\">bikeTOURa<\/a>.<\/p>\n\n\n<div class=\"wp-block-image\">\n<figure class=\"aligncenter size-full\"><img loading=\"lazy\" decoding=\"async\" width=\"647\" height=\"432\" src=\"https:\/\/www.aventoura.tourone.de\/blog\/wp-content\/uploads\/2022\/08\/Ecuador-Juan-Pablo-mit-Fahrrad.jpg\" alt=\"\" class=\"wp-image-274\" srcset=\"https:\/\/www.aventoura.de\/blog\/wp-content\/uploads\/2022\/08\/Ecuador-Juan-Pablo-mit-Fahrrad.jpg 647w, https:\/\/www.aventoura.de\/blog\/wp-content\/uploads\/2022\/08\/Ecuador-Juan-Pablo-mit-Fahrrad-300x200.jpg 300w\" sizes=\"auto, (max-width: 647px) 100vw, 647px\" \/><figcaption class=\"wp-element-caption\">Juan Pablo mit dem Fahrrad in<a href=\"https:\/\/www.aventoura.de\/amerika\/ecuador\" data-type=\"link\" data-id=\"https:\/\/www.aventoura.de\/amerika\/ecuador\"> Ecuador<\/a> <\/figcaption><\/figure><\/div>\n\n\n<p>Ganz bequem kam ich wenige Wochen sp\u00e4ter mit dem Flieger in meiner Geburtsstadt&nbsp;<a href=\"https:\/\/www.aventoura.de\/produkte\/ecuador-welcome-package-quito-3-tage-2-naechte\/\">Quito<\/a>&nbsp;an. Ab jetzt hie\u00df es aber aufsatteln und strampeln &#8211; und das weit oben in d\u00fcnner Luft. Ich war verwundert, wie schnell man sich selbst daran gew\u00f6hnt. Nachdem ich schon einige Zeit nicht mehr in Ecuador war, war ich erstaunt, dass ich als Radler bei weitem nicht alleine unterwegs war. Inzwischen sind selbst in dem h\u00fcgeligen und knapp 3.000 m hoch gelegenen Quito viele \u00bbLeidensgenossen\u00ab mit modernen Drahteseln unterwegs.<\/p>\n\n\n\n<p>Auf meiner weiteren Reise sollte ich noch feststellen, dass es auch in anderen Gro\u00dfst\u00e4dten wie&nbsp;<a href=\"https:\/\/www.aventoura.de\/produkte\/peru-willkommen-in-lima-3-tage-2-naechte\/\">Lima&nbsp;<\/a>und vor allem&nbsp;<a href=\"https:\/\/www.aventoura.de\/produkte\/radrundreise-bogota-fuquene-villa-de-leyva-4-tage3-naechte\/\">Bogota<\/a>. immer mehr Radwege gibt und sogar Menschen, die diese auch nutzen. Aber zur\u00fcck zu meiner Mission. Nachdem ich mit vielen ehemaligen Kollegen der ecuadorianischen Reiseagenturen angenehme Gespr\u00e4che bei einem Cafecito halten durfte, wurde es nun ernst.<\/p>\n\n\n\n<p>Um Quito zu verlassen g\u00f6nnte ich mir noch eine Busfahrt, dann, bei einem kleinen Dorf mitten in den Bergen war die Busfahrt zu Ende. Ich gab mir einen Ruck, schwang mich aufs Rad und los ging es zu meiner Radtour durch die Anden, die mich gleich am ersten Tag bis auf 4.000 Meter H\u00f6he in den wundersch\u00f6nen Nationalpark Cotopaxi f\u00fchrte. Ich lebe seit 3 Jahren in Freiburg und dort bin ich nat\u00fcrlich nahezu t\u00e4glich mit dem Fahrrad unterwegs. Doch obgleich ich aus Ecuador stamme, war dies meine erste Biketour in den Anden. Ich muss sagen, ich war \u00fcberw\u00e4ltig von der grandiosen Natur und fast noch mehr von mir selbst. Ich habe mein Land noch nie so intensiv erlebt, so hautnah und authentisch und war stolz auf mich, diese erste Etappe locker bew\u00e4ltigt zu haben. Ich dachte bei mir, dass mein Chef eine sehr gute Wahl getroffen hat.<\/p>\n\n\n\n<p>So war ich schon ab dem n\u00e4chsten Tag \u00fcberzeugter denn je, dass mich kein Berg der Anden, keine holprige Piste und auch kein Gegenwind mehr von meiner Mission abbringen w\u00fcrde. Ich bikte, weil mein Herz meine Muskeln antrieb und genoss jede Minute dieser sch\u00f6nen Dienstreise. Ich radelte entlang der Allee der Vulkane und der Stra\u00dfe der Wasserf\u00e4lle, die mich in das Amazonasgebiet nach Misahualli f\u00fchrte. Ich radelte nach Mindo und zur Caldera Pululahua. Und auch nach Quilotoa, wo ich mit meinem Mountainbike den sch\u00f6nsten Bergsee Ecuadors und das versteckte Dorf Isinliv\u00ed. erreichte.<\/p>\n\n\n<div class=\"wp-block-image\">\n<figure class=\"aligncenter size-full\"><img loading=\"lazy\" decoding=\"async\" width=\"637\" height=\"425\" src=\"https:\/\/www.aventoura.tourone.de\/blog\/wp-content\/uploads\/2022\/08\/Ecuador-aventoura-in-Suedamerika.jpg\" alt=\"\" class=\"wp-image-275\" srcset=\"https:\/\/www.aventoura.de\/blog\/wp-content\/uploads\/2022\/08\/Ecuador-aventoura-in-Suedamerika.jpg 637w, https:\/\/www.aventoura.de\/blog\/wp-content\/uploads\/2022\/08\/Ecuador-aventoura-in-Suedamerika-300x200.jpg 300w\" sizes=\"auto, (max-width: 637px) 100vw, 637px\" \/><figcaption class=\"wp-element-caption\">avenTOURa in S\u00fcdamerika<\/figcaption><\/figure><\/div>\n\n\n<p>Nach zwei Wochen in Ecuador ging es mit dem Flieger nach <a href=\"https:\/\/www.aventoura.de\/amerika\/peru\" data-type=\"link\" data-id=\"https:\/\/www.aventoura.de\/amerika\/peru\">Peru<\/a> und auch dort lautete die Devise \u00bbBike, Pablo, bike!\u00ab. Ich strampelte von Lima immer Richtung S\u00fcden. Ich durchquerte das wundersch\u00f6ne Naturschutzgebiet von Paracas, besuchte die Inseln Ballestas und sogar die charmante Kolonialstadt Arequipa. Hoch zum Titicacasee erlaubte ich mir den Bus, dann schon musste ich zur\u00fcck auf das mir inzwischen so lieb gewonnene Fahrrad, mit dem ich schlie\u00dflich Cusco, den \u00bbNabel der Welt\u00ab, erreichte. Es schlossen sich noch ein paar wundervolle Tage in Kolumbien \u2013 dem Land des diesj\u00e4hrigen Tour de France Siegers \u2013 an, wo ich noch einige fantastische Routen auskundschaften konnte. Jetzt frage ich mich, ob ich meinen gem\u00fctlichen Platz im Freiburger B\u00fcro nicht doch besser gegen eine Anstellung als Bike-Reiseleiter in S\u00fcdamerika eintauschen sollte. Wenn das mein Chef w\u00fcsste, wird das wohl meine letzte Dienstreise gewesen sein.<\/p>\n","protected":false},"excerpt":{"rendered":"<p>Unsere Kollege Juan Pablo Palt\u00e1n Paredes war auf einer ganz besonderen Mission unterwegs \u2013 mit dem Bike ist er durch S\u00fcdamerika gereist um neue Radtouren f\u00fcr unsere neue Marke bikeTOURa zu erkunden und die Bikes zu testen.<\/p>\n","protected":false},"author":2,"featured_media":274,"comment_status":"open","ping_status":"open","sticky":false,"template":"","format":"standard","meta":{"_acf_changed":false,"footnotes":""},"categories":[20],"tags":[134,137,135,138,136,133],"class_list":["post-273","post","type-post","status-publish","format-standard","has-post-thumbnail","hentry","category-peru","tag-arequipa","tag-cotopaxi","tag-cusco","tag-lima","tag-misahualli","tag-peru"],"acf":[],"_links":{"self":[{"href":"https:\/\/www.aventoura.de\/blog\/wp-json\/wp\/v2\/posts\/273","targetHints":{"allow":["GET"]}}],"collection":[{"href":"https:\/\/www.aventoura.de\/blog\/wp-json\/wp\/v2\/posts"}],"about":[{"href":"https:\/\/www.aventoura.de\/blog\/wp-json\/wp\/v2\/types\/post"}],"author":[{"embeddable":true,"href":"https:\/\/www.aventoura.de\/blog\/wp-json\/wp\/v2\/users\/2"}],"replies":[{"embeddable":true,"href":"https:\/\/www.aventoura.de\/blog\/wp-json\/wp\/v2\/comments?post=273"}],"version-history":[{"count":4,"href":"https:\/\/www.aventoura.de\/blog\/wp-json\/wp\/v2\/posts\/273\/revisions"}],"predecessor-version":[{"id":1408,"href":"https:\/\/www.aventoura.de\/blog\/wp-json\/wp\/v2\/posts\/273\/revisions\/1408"}],"wp:featuredmedia":[{"embeddable":true,"href":"https:\/\/www.aventoura.de\/blog\/wp-json\/wp\/v2\/media\/274"}],"wp:attachment":[{"href":"https:\/\/www.aventoura.de\/blog\/wp-json\/wp\/v2\/media?parent=273"}],"wp:term":[{"taxonomy":"category","embeddable":true,"href":"https:\/\/www.aventoura.de\/blog\/wp-json\/wp\/v2\/categories?post=273"},{"taxonomy":"post_tag","embeddable":true,"href":"https:\/\/www.aventoura.de\/blog\/wp-json\/wp\/v2\/tags?post=273"}],"curies":[{"name":"wp","href":"https:\/\/api.w.org\/{rel}","templated":true}]}}