{"id":641,"date":"2022-08-11T12:21:25","date_gmt":"2022-08-11T10:21:25","guid":{"rendered":"https:\/\/www.aventoura.tourone.de\/blog\/?p=641"},"modified":"2023-08-03T15:47:26","modified_gmt":"2023-08-03T13:47:26","slug":"sommer-in-cuba","status":"publish","type":"post","link":"https:\/\/www.aventoura.de\/blog\/2022\/08\/11\/sommer-in-cuba\/","title":{"rendered":"Sommer in Cuba"},"content":{"rendered":"\n<blockquote class=\"wp-block-quote is-layout-flow wp-block-quote-is-layout-flow\">\n<p>04.08.2017&nbsp;von&nbsp;Britta Lisa Bomball (www.reiki-alegria-de-sol.nl)<\/p>\n<\/blockquote>\n\n\n\n<p class=\"has-text-align-center\">Das pfeifen sogar die Spatzen von den D\u00e4chern, sprich von der Palme&#8230; Es ist hei\u00df, es ist Sommer auf <strong><a href=\"https:\/\/www.aventoura.de\/amerika\/kuba\">Cuba<\/a><\/strong>! Hohe Luftfeuchtigkeit, hei\u00dfe Sonne und bewegungsloses Schwitzen sind deutliche Zeichen f\u00fcr den karibischen Sommer. Jetzt wollen nicht nur die Touristen an den Strand. Die Einheimischen h\u00e4lt auch nichts mehr in den St\u00e4dten, blo\u00df raus und ein frisches L\u00fcftchen erhaschen. Nichts wie weg!<\/p>\n\n\n\n<p>Auch in Playa Varadero schwitzen die Leute und wollen nur noch ins Wasser. Stra\u00dfen sind fast menschenleer, die Hotelbars sind wie ausgestorben und das Meer ist voll bis zum Abwinken. Man steht im Wasser. Aktivit\u00e4ten werden auf null reduziert, schwimmen, planschen, abtauchen gibt\u2019s im Juli und August nur noch in den k\u00fchlen Morgenstunden. Im Sommer steht man nur miteinander im k\u00fchlen Nass, h\u00e4lt den Trinkbecher fest und vertreibt sich mit Unterhaltungen die Zeit.<\/p>\n\n\n\n<p>Das &#8222;Stehbankett&#8220; ist angerichtet! Was braucht man f\u00fcr einen Sommer-Strandtag? Einen Sonnenhut und zwei K\u00fchlboxen. Eine randvoll mit Eis, in welchen die Erfrischungsgetr\u00e4nke und &#8222;Cervezas&#8220; (Bier) versteckt werden und eine f\u00fcr das Essen, Reis mit H\u00fchnchen oder Pan con Jam\u00f3n y Queso (belegte Brote), Handt\u00fccher, Langarm-Shirts (als Sonnenschutz beim stundenlangen Ausharren im brusttiefem Wasser) und verschlie\u00dfbare Kaffeebecher die auch f\u00fcr das k\u00fchlen von Rum-Cola-Getr\u00e4nken ausgezeichnet geeignet sind.<\/p>\n\n\n\n<figure class=\"wp-block-gallery aligncenter has-nested-images columns-default is-cropped wp-block-gallery-1 is-layout-flex wp-block-gallery-is-layout-flex\">\n<figure class=\"wp-block-image size-large\"><img loading=\"lazy\" decoding=\"async\" width=\"784\" height=\"512\" data-id=\"653\" src=\"https:\/\/www.aventoura.tourone.de\/blog\/wp-content\/uploads\/2022\/08\/image.jpeg\" alt=\"\" class=\"wp-image-653\" srcset=\"https:\/\/www.aventoura.de\/blog\/wp-content\/uploads\/2022\/08\/image.jpeg 784w, https:\/\/www.aventoura.de\/blog\/wp-content\/uploads\/2022\/08\/image-300x196.jpeg 300w, https:\/\/www.aventoura.de\/blog\/wp-content\/uploads\/2022\/08\/image-768x502.jpeg 768w\" sizes=\"auto, (max-width: 784px) 100vw, 784px\" \/><\/figure>\n\n\n\n<figure class=\"wp-block-image size-large is-style-default\"><img loading=\"lazy\" decoding=\"async\" width=\"300\" height=\"198\" data-id=\"643\" src=\"https:\/\/www.aventoura.tourone.de\/blog\/wp-content\/uploads\/2022\/08\/Sommer-in-Kuba-1-5-300x198.jpg\" alt=\"\" class=\"wp-image-643\" srcset=\"https:\/\/www.aventoura.de\/blog\/wp-content\/uploads\/2022\/08\/Sommer-in-Kuba-1-5-300x198.jpg 300w, https:\/\/www.aventoura.de\/blog\/wp-content\/uploads\/2022\/08\/Sommer-in-Kuba-1-5-768x507.jpg 768w, https:\/\/www.aventoura.de\/blog\/wp-content\/uploads\/2022\/08\/Sommer-in-Kuba-1-5.jpg 786w\" sizes=\"auto, (max-width: 300px) 100vw, 300px\" \/><\/figure>\n<\/figure>\n\n\n\n<p><\/p>\n\n\n\n<p><\/p>\n\n\n\n<p><\/p>\n\n\n\n<h3 class=\"wp-block-heading\">Nein, das ist nicht nur in Varadero so&#8230;,<\/h3>\n\n\n\n<p>&#8230;die Massenansammlungen im Wasser ist \u00fcberall zu finden, wo es Sandstrand gibt. Au\u00dferdem werden die Strandaufg\u00e4nge von schnell aufgebauten Sommerbuden umgeben, die herrliche Grillh\u00fchnchen mit &#8222;Arroz frito&#8220; anbieten. Es duftet \u00fcberall nach Grillfleisch, ein Sommerfeeling greift wie ein Virus um sich!<\/p>\n\n\n\n<p>Am kleinen Strand von Santa Fe, ein kleines Dorf hinter <strong>Havanna<\/strong>, stehen und sitzen auch schon alle im Wasser. Die besten Stehpl\u00e4tze sind schon weg. Jetzt muss man sich aber beeilen, will man nicht auf dem Sandstreifen vertrocknen. Auch wenn das Wasser schon Badewannen-Temperaturen hat, lieben es die Kubaner!<\/p>\n\n\n\n<p>Das &#8222;Wasserstehen&#8220; geht weiter bis Einbruch der Dunkelheit. Zeit ist im Sommer relativ. Abk\u00fchlung ist das Einzige, das wirklich z\u00e4hlt. Man muss das einmal erlebt haben, es kommt einem vor wie ein Volksfest!<\/p>\n\n\n\n<figure class=\"wp-block-gallery aligncenter has-nested-images columns-default is-cropped wp-block-gallery-2 is-layout-flex wp-block-gallery-is-layout-flex\">\n<figure class=\"wp-block-image size-large is-style-default\"><img loading=\"lazy\" decoding=\"async\" width=\"785\" height=\"518\" data-id=\"644\" src=\"https:\/\/www.aventoura.tourone.de\/blog\/wp-content\/uploads\/2022\/08\/Sommer-in-Kuba-4-1.jpg\" alt=\"\" class=\"wp-image-644\" srcset=\"https:\/\/www.aventoura.de\/blog\/wp-content\/uploads\/2022\/08\/Sommer-in-Kuba-4-1.jpg 785w, https:\/\/www.aventoura.de\/blog\/wp-content\/uploads\/2022\/08\/Sommer-in-Kuba-4-1-300x198.jpg 300w, https:\/\/www.aventoura.de\/blog\/wp-content\/uploads\/2022\/08\/Sommer-in-Kuba-4-1-768x507.jpg 768w\" sizes=\"auto, (max-width: 785px) 100vw, 785px\" \/><\/figure>\n\n\n\n<figure class=\"wp-block-image size-large\"><img loading=\"lazy\" decoding=\"async\" width=\"787\" height=\"506\" data-id=\"656\" src=\"https:\/\/www.aventoura.tourone.de\/blog\/wp-content\/uploads\/2022\/08\/Sommer-in-Kuba-3-4.jpg\" alt=\"\" class=\"wp-image-656\" srcset=\"https:\/\/www.aventoura.de\/blog\/wp-content\/uploads\/2022\/08\/Sommer-in-Kuba-3-4.jpg 787w, https:\/\/www.aventoura.de\/blog\/wp-content\/uploads\/2022\/08\/Sommer-in-Kuba-3-4-300x193.jpg 300w, https:\/\/www.aventoura.de\/blog\/wp-content\/uploads\/2022\/08\/Sommer-in-Kuba-3-4-768x494.jpg 768w\" sizes=\"auto, (max-width: 787px) 100vw, 787px\" \/><\/figure>\n<\/figure>\n","protected":false},"excerpt":{"rendered":"<p>Das pfeifen sogar die Spatzen von den D\u00e4chern, sprich von der Palme&#8230; Es ist hei\u00df, es ist Sommer auf Cuba! Hohe Luftfeuchtigkeit, hei\u00dfe Sonne und bewegungsloses Schwitzen sind deutliche Zeichen f\u00fcr den karibischen Sommer. Jetzt wollen nicht nur die Touristen an den Strand. Die Einheimischen h\u00e4lt auch nichts mehr in den St\u00e4dten, blo\u00df raus und ein frisches L\u00fcftchen erhaschen. Nichts wie weg!<\/p>\n","protected":false},"author":2,"featured_media":618,"comment_status":"open","ping_status":"open","sticky":false,"template":"","format":"standard","meta":{"_acf_changed":false,"footnotes":""},"categories":[13,15],"tags":[73,233,229,86,60],"class_list":["post-641","post","type-post","status-publish","format-standard","has-post-thumbnail","hentry","category-karibik","category-kuba","tag-kuba","tag-meerblick","tag-playa-santa-fe","tag-strand","tag-varadero"],"acf":[],"_links":{"self":[{"href":"https:\/\/www.aventoura.de\/blog\/wp-json\/wp\/v2\/posts\/641","targetHints":{"allow":["GET"]}}],"collection":[{"href":"https:\/\/www.aventoura.de\/blog\/wp-json\/wp\/v2\/posts"}],"about":[{"href":"https:\/\/www.aventoura.de\/blog\/wp-json\/wp\/v2\/types\/post"}],"author":[{"embeddable":true,"href":"https:\/\/www.aventoura.de\/blog\/wp-json\/wp\/v2\/users\/2"}],"replies":[{"embeddable":true,"href":"https:\/\/www.aventoura.de\/blog\/wp-json\/wp\/v2\/comments?post=641"}],"version-history":[{"count":11,"href":"https:\/\/www.aventoura.de\/blog\/wp-json\/wp\/v2\/posts\/641\/revisions"}],"predecessor-version":[{"id":982,"href":"https:\/\/www.aventoura.de\/blog\/wp-json\/wp\/v2\/posts\/641\/revisions\/982"}],"wp:featuredmedia":[{"embeddable":true,"href":"https:\/\/www.aventoura.de\/blog\/wp-json\/wp\/v2\/media\/618"}],"wp:attachment":[{"href":"https:\/\/www.aventoura.de\/blog\/wp-json\/wp\/v2\/media?parent=641"}],"wp:term":[{"taxonomy":"category","embeddable":true,"href":"https:\/\/www.aventoura.de\/blog\/wp-json\/wp\/v2\/categories?post=641"},{"taxonomy":"post_tag","embeddable":true,"href":"https:\/\/www.aventoura.de\/blog\/wp-json\/wp\/v2\/tags?post=641"}],"curies":[{"name":"wp","href":"https:\/\/api.w.org\/{rel}","templated":true}]}}